{"id":12236,"date":"2021-01-07T16:49:00","date_gmt":"2021-01-07T07:49:00","guid":{"rendered":"https:\/\/www.ecubelabs.com\/?p=12236"},"modified":"2021-09-06T16:54:19","modified_gmt":"2021-09-06T07:54:19","slug":"des-poubelles-solaires-et-connectees-installees-a-marseille","status":"publish","type":"post","link":"https:\/\/www.ecubelabs.com\/ko\/des-poubelles-solaires-et-connectees-installees-a-marseille\/","title":{"rendered":"Des poubelles solaires et connect\u00e9es install\u00e9es \u00e0 Marseille"},"content":{"rendered":"\n<h2>Depuis quelques semaines, les Marseillais ont pu d\u00e9couvrir de nouvelles poubelles install\u00e9es dans les rues de la ville. Dot\u00e9es d\u2019un syst\u00e8me d\u2019intelligence artificielle et de panneaux solaires, elles promettent une meilleure gestion de d\u00e9chets et des \u00e9conomies d\u2019\u00e9nergie.<\/h2>\n\n\n\n<p>Alors que la gr\u00e8ve des \u00e9boueurs de la soci\u00e9t\u00e9 Derichebourg qui s\u2019est d\u00e9roul\u00e9e pendant les f\u00eates de fin d\u2019ann\u00e9e, impacte durement les habitants les 2e, 15e et 16e arrondissements de la ville, la M\u00e9tropole cherche des solutions innovantes pour optimiser le ramassage des d\u00e9chets sur le territoire.&nbsp;<strong><a href=\"https:\/\/madeinmarseille.net\/77858-metropole-appel-projet-mobilier-urbain-connecte\/\">En 2020, la collectivit\u00e9 lan\u00e7ait d\u2019ailleurs un appel \u00e0 projets pour se doter de mobilier urbain connect\u00e9<\/a><\/strong>&nbsp;permettant de rendre plus efficace et \u00e9conome en \u00e9nergie le mobilier sur l\u2019espace public, et notamment les poubelles.<\/p>\n\n\n\n<p>Dans ce cadre, 4 mod\u00e8les de poubelles solaires ont fait leur apparition \u00e0 Marseille depuis quelques mois. Elles portent les noms des marques s\u00e9lectionn\u00e9es : Big Belly, Mr. Fill, Solar Smart Bin et CleanCube. Les habitants peuvent les d\u00e9couvrir aux sorties du m\u00e9tro Castellane, au rond-point de David et dans la rue Saint-Ferr\u00e9ol.<\/p>\n\n\n\n<p>20 autres poubelles seront r\u00e9parties sur plusieurs quartiers du centre-ville d\u2019ici fin janvier, du Vieux-Port \u00e0 la Canebi\u00e8re, en passant par l\u2019Op\u00e9ra, la rue de Rome, la Pr\u00e9fecture et P\u00e9rier. \u00ab\u00a0<em>Ces emplacements \u00e0 forte affluence ont \u00e9t\u00e9 s\u00e9lectionn\u00e9s car ils font habituellement l\u2019objet de plusieurs collectes des corbeilles standards chaque jour\u00a0<\/em>\u00bb<em>,<\/em>\u00a0nous indiquent les \u00e9quipes de la M\u00e9tropole.<\/p>\n\n\n\n<p>\ucd9c\ucc98 : <a href=\"https:\/\/madeinmarseille.net\/84510-poubelle-intelligence-artificielle-metropole-aix-solaire\/\" target=\"_blank\" rel=\"noreferrer noopener\">Made in Marseille(https:\/\/madeinmarseille.net\/)<\/a><\/p>\n","protected":false},"excerpt":{"rendered":"<p>Depuis quelques semaines, les Marseillais ont pu d\u00e9couvrir de nouvelles poubelles install\u00e9es dans les rues de la ville. Dot\u00e9es d\u2019un syst\u00e8me d\u2019intelligence artificielle et de panneaux solaires, elles promettent une meilleure gestion de d\u00e9chets et des \u00e9conomies d\u2019\u00e9nergie. Alors que la gr\u00e8ve des \u00e9boueurs de la soci\u00e9t\u00e9 Derichebourg qui s\u2019est d\u00e9roul\u00e9e pendant les f\u00eates de&#8230;<\/p>\n","protected":false},"author":5,"featured_media":11955,"comment_status":"closed","ping_status":"closed","sticky":false,"template":"","format":"standard","meta":[],"categories":[43,45],"tags":[],"yoast_head":"<!-- This site is optimized with the Yoast SEO plugin v17.0 - https:\/\/yoast.com\/wordpress\/plugins\/seo\/ -->\n<title>Des poubelles solaires et connect\u00e9es install\u00e9es \u00e0 Marseille | Ecube Labs<\/title>\n<meta name=\"robots\" content=\"index, follow, max-snippet:-1, max-image-preview:large, max-video-preview:-1\" \/>\n<link rel=\"canonical\" href=\"https:\/\/www.ecubelabs.com\/ko\/des-poubelles-solaires-et-connectees-installees-a-marseille\/\" \/>\n<meta property=\"og:locale\" content=\"ko_KR\" \/>\n<meta property=\"og:type\" content=\"article\" \/>\n<meta property=\"og:title\" content=\"Des poubelles solaires et connect\u00e9es install\u00e9es \u00e0 Marseille | Ecube Labs\" \/>\n<meta property=\"og:description\" content=\"Depuis quelques semaines, les Marseillais ont pu d\u00e9couvrir de nouvelles poubelles install\u00e9es dans les rues de la ville. Dot\u00e9es d\u2019un syst\u00e8me d\u2019intelligence artificielle et de panneaux solaires, elles promettent une meilleure gestion de d\u00e9chets et des \u00e9conomies d\u2019\u00e9nergie. Alors que la gr\u00e8ve des \u00e9boueurs de la soci\u00e9t\u00e9 Derichebourg qui s\u2019est d\u00e9roul\u00e9e pendant les f\u00eates de...\" \/>\n<meta property=\"og:url\" content=\"https:\/\/www.ecubelabs.com\/ko\/des-poubelles-solaires-et-connectees-installees-a-marseille\/\" \/>\n<meta property=\"og:site_name\" content=\"Ecube Labs\" \/>\n<meta property=\"article:publisher\" content=\"https:\/\/www.facebook.com\/ecubelabs.global\/\" \/>\n<meta property=\"article:published_time\" content=\"2021-01-07T07:49:00+00:00\" \/>\n<meta property=\"article:modified_time\" content=\"2021-09-06T07:54:19+00:00\" \/>\n<meta property=\"og:image\" content=\"https:\/\/www.ecubelabs.com\/wp-content\/uploads\/2021\/03\/CCB2-100L-thumb.png\" \/>\n\t<meta property=\"og:image:width\" content=\"350\" \/>\n\t<meta property=\"og:image:height\" content=\"350\" \/>\n<meta name=\"twitter:card\" content=\"summary_large_image\" \/>\n<meta name=\"twitter:creator\" content=\"@EcubeLabs\" \/>\n<meta name=\"twitter:site\" content=\"@EcubeLabs\" \/>\n<meta name=\"twitter:label1\" content=\"Written by\" \/>\n\t<meta name=\"twitter:data1\" content=\"Edgar Nam\" \/>\n\t<meta name=\"twitter:label2\" content=\"Est. reading time\" \/>\n\t<meta name=\"twitter:data2\" content=\"2\ubd84\" \/>\n<script type=\"application\/ld+json\" class=\"yoast-schema-graph\">{\"@context\":\"https:\/\/schema.org\",\"@graph\":[{\"@type\":\"Organization\",\"@id\":\"https:\/\/www.ecubelabs.com\/#organization\",\"name\":\"Ecube Labs Co., Ltd.\",\"url\":\"https:\/\/www.ecubelabs.com\/\",\"sameAs\":[\"https:\/\/www.facebook.com\/ecubelabs.global\/\",\"https:\/\/www.instagram.com\/ecubelabs\/\",\"https:\/\/www.linkedin.com\/company\/3541458\/\",\"https:\/\/www.youtube.com\/channel\/UC2UgJob5FT29DZ6kbYITMTA\",\"https:\/\/twitter.com\/EcubeLabs\"],\"logo\":{\"@type\":\"ImageObject\",\"@id\":\"https:\/\/www.ecubelabs.com\/#logo\",\"inLanguage\":\"ko-KR\",\"url\":\"https:\/\/www.ecubelabs.com\/wp-content\/uploads\/2017\/08\/Logo-2048-px.png\",\"contentUrl\":\"https:\/\/www.ecubelabs.com\/wp-content\/uploads\/2017\/08\/Logo-2048-px.png\",\"width\":2049,\"height\":946,\"caption\":\"Ecube Labs Co., Ltd.\"},\"image\":{\"@id\":\"https:\/\/www.ecubelabs.com\/#logo\"}},{\"@type\":\"WebSite\",\"@id\":\"https:\/\/www.ecubelabs.com\/#website\",\"url\":\"https:\/\/www.ecubelabs.com\/\",\"name\":\"Ecube Labs\",\"description\":\"\",\"publisher\":{\"@id\":\"https:\/\/www.ecubelabs.com\/#organization\"},\"potentialAction\":[{\"@type\":\"SearchAction\",\"target\":{\"@type\":\"EntryPoint\",\"urlTemplate\":\"https:\/\/www.ecubelabs.com\/?s={search_term_string}\"},\"query-input\":\"required name=search_term_string\"}],\"inLanguage\":\"ko-KR\"},{\"@type\":\"ImageObject\",\"@id\":\"https:\/\/www.ecubelabs.com\/ko\/des-poubelles-solaires-et-connectees-installees-a-marseille\/#primaryimage\",\"inLanguage\":\"ko-KR\",\"url\":\"https:\/\/www.ecubelabs.com\/wp-content\/uploads\/2021\/03\/CCB2-100L-thumb.png\",\"contentUrl\":\"https:\/\/www.ecubelabs.com\/wp-content\/uploads\/2021\/03\/CCB2-100L-thumb.png\",\"width\":350,\"height\":350},{\"@type\":\"WebPage\",\"@id\":\"https:\/\/www.ecubelabs.com\/ko\/des-poubelles-solaires-et-connectees-installees-a-marseille\/#webpage\",\"url\":\"https:\/\/www.ecubelabs.com\/ko\/des-poubelles-solaires-et-connectees-installees-a-marseille\/\",\"name\":\"Des poubelles solaires et connect\\u00e9es install\\u00e9es \\u00e0 Marseille | Ecube Labs\",\"isPartOf\":{\"@id\":\"https:\/\/www.ecubelabs.com\/#website\"},\"primaryImageOfPage\":{\"@id\":\"https:\/\/www.ecubelabs.com\/ko\/des-poubelles-solaires-et-connectees-installees-a-marseille\/#primaryimage\"},\"datePublished\":\"2021-01-07T07:49:00+00:00\",\"dateModified\":\"2021-09-06T07:54:19+00:00\",\"breadcrumb\":{\"@id\":\"https:\/\/www.ecubelabs.com\/ko\/des-poubelles-solaires-et-connectees-installees-a-marseille\/#breadcrumb\"},\"inLanguage\":\"ko-KR\",\"potentialAction\":[{\"@type\":\"ReadAction\",\"target\":[\"https:\/\/www.ecubelabs.com\/ko\/des-poubelles-solaires-et-connectees-installees-a-marseille\/\"]}]},{\"@type\":\"BreadcrumbList\",\"@id\":\"https:\/\/www.ecubelabs.com\/ko\/des-poubelles-solaires-et-connectees-installees-a-marseille\/#breadcrumb\",\"itemListElement\":[{\"@type\":\"ListItem\",\"position\":1,\"name\":\"Home\",\"item\":\"https:\/\/www.ecubelabs.com\/ko\/backup\/\"},{\"@type\":\"ListItem\",\"position\":2,\"name\":\"Des poubelles solaires et connect\\u00e9es install\\u00e9es \\u00e0 Marseille\"}]},{\"@type\":\"Article\",\"@id\":\"https:\/\/www.ecubelabs.com\/ko\/des-poubelles-solaires-et-connectees-installees-a-marseille\/#article\",\"isPartOf\":{\"@id\":\"https:\/\/www.ecubelabs.com\/ko\/des-poubelles-solaires-et-connectees-installees-a-marseille\/#webpage\"},\"author\":{\"@id\":\"https:\/\/www.ecubelabs.com\/#\/schema\/person\/2d24b064bf86aefbbd4afec46f7303cf\"},\"headline\":\"Des poubelles solaires et connect\\u00e9es install\\u00e9es \\u00e0 Marseille\",\"datePublished\":\"2021-01-07T07:49:00+00:00\",\"dateModified\":\"2021-09-06T07:54:19+00:00\",\"mainEntityOfPage\":{\"@id\":\"https:\/\/www.ecubelabs.com\/ko\/des-poubelles-solaires-et-connectees-installees-a-marseille\/#webpage\"},\"wordCount\":278,\"publisher\":{\"@id\":\"https:\/\/www.ecubelabs.com\/#organization\"},\"image\":{\"@id\":\"https:\/\/www.ecubelabs.com\/ko\/des-poubelles-solaires-et-connectees-installees-a-marseille\/#primaryimage\"},\"thumbnailUrl\":\"https:\/\/www.ecubelabs.com\/wp-content\/uploads\/2021\/03\/CCB2-100L-thumb.png\",\"articleSection\":[\"CleanCUBE\",\"News\"],\"inLanguage\":\"ko-KR\"},{\"@type\":\"Person\",\"@id\":\"https:\/\/www.ecubelabs.com\/#\/schema\/person\/2d24b064bf86aefbbd4afec46f7303cf\",\"name\":\"Edgar Nam\",\"image\":{\"@type\":\"ImageObject\",\"@id\":\"https:\/\/www.ecubelabs.com\/#personlogo\",\"inLanguage\":\"ko-KR\",\"url\":\"https:\/\/secure.gravatar.com\/avatar\/8f828c45b418df1220bc6710261f3e15?s=96&d=mm&r=g\",\"contentUrl\":\"https:\/\/secure.gravatar.com\/avatar\/8f828c45b418df1220bc6710261f3e15?s=96&d=mm&r=g\",\"caption\":\"Edgar Nam\"}}]}<\/script>\n<!-- \/ Yoast SEO plugin. -->","yoast_head_json":{"title":"Des poubelles solaires et connect\u00e9es install\u00e9es \u00e0 Marseille | Ecube Labs","robots":{"index":"index","follow":"follow","max-snippet":"max-snippet:-1","max-image-preview":"max-image-preview:large","max-video-preview":"max-video-preview:-1"},"canonical":"https:\/\/www.ecubelabs.com\/ko\/des-poubelles-solaires-et-connectees-installees-a-marseille\/","og_locale":"ko_KR","og_type":"article","og_title":"Des poubelles solaires et connect\u00e9es install\u00e9es \u00e0 Marseille | Ecube Labs","og_description":"Depuis quelques semaines, les Marseillais ont pu d\u00e9couvrir de nouvelles poubelles install\u00e9es dans les rues de la ville. Dot\u00e9es d\u2019un syst\u00e8me d\u2019intelligence artificielle et de panneaux solaires, elles promettent une meilleure gestion de d\u00e9chets et des \u00e9conomies d\u2019\u00e9nergie. Alors que la gr\u00e8ve des \u00e9boueurs de la soci\u00e9t\u00e9 Derichebourg qui s\u2019est d\u00e9roul\u00e9e pendant les f\u00eates de...","og_url":"https:\/\/www.ecubelabs.com\/ko\/des-poubelles-solaires-et-connectees-installees-a-marseille\/","og_site_name":"Ecube Labs","article_publisher":"https:\/\/www.facebook.com\/ecubelabs.global\/","article_published_time":"2021-01-07T07:49:00+00:00","article_modified_time":"2021-09-06T07:54:19+00:00","og_image":[{"width":350,"height":350,"url":"https:\/\/www.ecubelabs.com\/wp-content\/uploads\/2021\/03\/CCB2-100L-thumb.png","path":"\/var\/www\/html\/wp-content\/uploads\/2021\/03\/CCB2-100L-thumb.png","size":"full","id":11955,"alt":"","pixels":122500,"type":"image\/png"}],"twitter_card":"summary_large_image","twitter_creator":"@EcubeLabs","twitter_site":"@EcubeLabs","twitter_misc":{"Written by":"Edgar Nam","Est. reading time":"2\ubd84"},"schema":{"@context":"https:\/\/schema.org","@graph":[{"@type":"Organization","@id":"https:\/\/www.ecubelabs.com\/#organization","name":"Ecube Labs Co., Ltd.","url":"https:\/\/www.ecubelabs.com\/","sameAs":["https:\/\/www.facebook.com\/ecubelabs.global\/","https:\/\/www.instagram.com\/ecubelabs\/","https:\/\/www.linkedin.com\/company\/3541458\/","https:\/\/www.youtube.com\/channel\/UC2UgJob5FT29DZ6kbYITMTA","https:\/\/twitter.com\/EcubeLabs"],"logo":{"@type":"ImageObject","@id":"https:\/\/www.ecubelabs.com\/#logo","inLanguage":"ko-KR","url":"https:\/\/www.ecubelabs.com\/wp-content\/uploads\/2017\/08\/Logo-2048-px.png","contentUrl":"https:\/\/www.ecubelabs.com\/wp-content\/uploads\/2017\/08\/Logo-2048-px.png","width":2049,"height":946,"caption":"Ecube Labs Co., Ltd."},"image":{"@id":"https:\/\/www.ecubelabs.com\/#logo"}},{"@type":"WebSite","@id":"https:\/\/www.ecubelabs.com\/#website","url":"https:\/\/www.ecubelabs.com\/","name":"Ecube Labs","description":"","publisher":{"@id":"https:\/\/www.ecubelabs.com\/#organization"},"potentialAction":[{"@type":"SearchAction","target":{"@type":"EntryPoint","urlTemplate":"https:\/\/www.ecubelabs.com\/?s={search_term_string}"},"query-input":"required name=search_term_string"}],"inLanguage":"ko-KR"},{"@type":"ImageObject","@id":"https:\/\/www.ecubelabs.com\/ko\/des-poubelles-solaires-et-connectees-installees-a-marseille\/#primaryimage","inLanguage":"ko-KR","url":"https:\/\/www.ecubelabs.com\/wp-content\/uploads\/2021\/03\/CCB2-100L-thumb.png","contentUrl":"https:\/\/www.ecubelabs.com\/wp-content\/uploads\/2021\/03\/CCB2-100L-thumb.png","width":350,"height":350},{"@type":"WebPage","@id":"https:\/\/www.ecubelabs.com\/ko\/des-poubelles-solaires-et-connectees-installees-a-marseille\/#webpage","url":"https:\/\/www.ecubelabs.com\/ko\/des-poubelles-solaires-et-connectees-installees-a-marseille\/","name":"Des poubelles solaires et connect\u00e9es install\u00e9es \u00e0 Marseille | Ecube Labs","isPartOf":{"@id":"https:\/\/www.ecubelabs.com\/#website"},"primaryImageOfPage":{"@id":"https:\/\/www.ecubelabs.com\/ko\/des-poubelles-solaires-et-connectees-installees-a-marseille\/#primaryimage"},"datePublished":"2021-01-07T07:49:00+00:00","dateModified":"2021-09-06T07:54:19+00:00","breadcrumb":{"@id":"https:\/\/www.ecubelabs.com\/ko\/des-poubelles-solaires-et-connectees-installees-a-marseille\/#breadcrumb"},"inLanguage":"ko-KR","potentialAction":[{"@type":"ReadAction","target":["https:\/\/www.ecubelabs.com\/ko\/des-poubelles-solaires-et-connectees-installees-a-marseille\/"]}]},{"@type":"BreadcrumbList","@id":"https:\/\/www.ecubelabs.com\/ko\/des-poubelles-solaires-et-connectees-installees-a-marseille\/#breadcrumb","itemListElement":[{"@type":"ListItem","position":1,"name":"Home","item":"https:\/\/www.ecubelabs.com\/ko\/backup\/"},{"@type":"ListItem","position":2,"name":"Des poubelles solaires et connect\u00e9es install\u00e9es \u00e0 Marseille"}]},{"@type":"Article","@id":"https:\/\/www.ecubelabs.com\/ko\/des-poubelles-solaires-et-connectees-installees-a-marseille\/#article","isPartOf":{"@id":"https:\/\/www.ecubelabs.com\/ko\/des-poubelles-solaires-et-connectees-installees-a-marseille\/#webpage"},"author":{"@id":"https:\/\/www.ecubelabs.com\/#\/schema\/person\/2d24b064bf86aefbbd4afec46f7303cf"},"headline":"Des poubelles solaires et connect\u00e9es install\u00e9es \u00e0 Marseille","datePublished":"2021-01-07T07:49:00+00:00","dateModified":"2021-09-06T07:54:19+00:00","mainEntityOfPage":{"@id":"https:\/\/www.ecubelabs.com\/ko\/des-poubelles-solaires-et-connectees-installees-a-marseille\/#webpage"},"wordCount":278,"publisher":{"@id":"https:\/\/www.ecubelabs.com\/#organization"},"image":{"@id":"https:\/\/www.ecubelabs.com\/ko\/des-poubelles-solaires-et-connectees-installees-a-marseille\/#primaryimage"},"thumbnailUrl":"https:\/\/www.ecubelabs.com\/wp-content\/uploads\/2021\/03\/CCB2-100L-thumb.png","articleSection":["CleanCUBE","News"],"inLanguage":"ko-KR"},{"@type":"Person","@id":"https:\/\/www.ecubelabs.com\/#\/schema\/person\/2d24b064bf86aefbbd4afec46f7303cf","name":"Edgar Nam","image":{"@type":"ImageObject","@id":"https:\/\/www.ecubelabs.com\/#personlogo","inLanguage":"ko-KR","url":"https:\/\/secure.gravatar.com\/avatar\/8f828c45b418df1220bc6710261f3e15?s=96&d=mm&r=g","contentUrl":"https:\/\/secure.gravatar.com\/avatar\/8f828c45b418df1220bc6710261f3e15?s=96&d=mm&r=g","caption":"Edgar Nam"}}]}},"_links":{"self":[{"href":"https:\/\/www.ecubelabs.com\/ko\/wp-json\/wp\/v2\/posts\/12236\/"}],"collection":[{"href":"https:\/\/www.ecubelabs.com\/ko\/wp-json\/wp\/v2\/posts\/"}],"about":[{"href":"https:\/\/www.ecubelabs.com\/ko\/wp-json\/wp\/v2\/types\/post\/"}],"author":[{"embeddable":true,"href":"https:\/\/www.ecubelabs.com\/ko\/wp-json\/wp\/v2\/users\/5\/"}],"replies":[{"embeddable":true,"href":"https:\/\/www.ecubelabs.com\/ko\/wp-json\/wp\/v2\/comments\/?post=12236"}],"version-history":[{"count":2,"href":"https:\/\/www.ecubelabs.com\/ko\/wp-json\/wp\/v2\/posts\/12236\/revisions\/"}],"predecessor-version":[{"id":12238,"href":"https:\/\/www.ecubelabs.com\/ko\/wp-json\/wp\/v2\/posts\/12236\/revisions\/12238\/"}],"wp:featuredmedia":[{"embeddable":true,"href":"https:\/\/www.ecubelabs.com\/ko\/wp-json\/wp\/v2\/media\/11955\/"}],"wp:attachment":[{"href":"https:\/\/www.ecubelabs.com\/ko\/wp-json\/wp\/v2\/media\/?parent=12236"}],"wp:term":[{"taxonomy":"category","embeddable":true,"href":"https:\/\/www.ecubelabs.com\/ko\/wp-json\/wp\/v2\/categories\/?post=12236"},{"taxonomy":"post_tag","embeddable":true,"href":"https:\/\/www.ecubelabs.com\/ko\/wp-json\/wp\/v2\/tags\/?post=12236"}],"curies":[{"name":"wp","href":"https:\/\/api.w.org\/{rel}","templated":true}]}}